{"id":31,"date":"2008-02-11T22:09:34","date_gmt":"2008-02-11T20:09:34","guid":{"rendered":"http:\/\/www.astrodicticum-simplex.de\/wordpress\/2008\/02\/11\/turbo-abitur-ohne-naturwissenschaften\/"},"modified":"2008-02-11T22:10:12","modified_gmt":"2008-02-11T20:10:12","slug":"turbo-abitur-ohne-naturwissenschaften","status":"publish","type":"post","link":"http:\/\/www.astrodicticum-simplex.de\/wordpress\/2008\/02\/11\/turbo-abitur-ohne-naturwissenschaften\/","title":{"rendered":"Turbo-Abitur ohne Naturwissenschaften?"},"content":{"rendered":"<p>Heute hab ich in der <a href=\"http:\/\/www.otz.de\/\">OTZ<\/a> eine be\u00e4ngstigende Meldung gelesen: <em>&#8222;Gymnasium &#8218;entr\u00fcmpeln&#8216; &#8211; aber wo?&#8220; <\/em>lautete die Schlagzeile. Es geht dabei um die Verk\u00fcrzung der Schulzeit zum Abitur von 13 auf 12 Jahre &#8211; eine Reform, die in vielen Bundesl\u00e4ndern anscheinend viel zu schnell eingef\u00fchrt wurde und jetzt <a href=\"http:\/\/www.zeit.de\/2008\/07\/Gymnasialzeit?page=all\">zu gro\u00dfen Problemen<\/a> f\u00fchrt. Die Sch\u00fclerinnen und Sch\u00fcler verbringen immer mehr Zeit in den Schulen weil nun der Stoff von 13 Jahren in 12 Jahren durchgebracht werden muss. Au\u00dferdem ist mittlerweile in vielen Bundesl\u00e4ndern der Samstagsunterricht abgeschafft &#8211; was die Sache nur noch versch\u00e4rft. Nun wird eine &#8222;Entr\u00fcmpelung&#8220; der Lehrpl\u00e4ne gefordert &#8211; prinzipiell sicher keine schlechte Idee. Wissen ist nicht statisch und deswegen sollte auch die Wissensvermittlung immer wieder an den aktuellen Stand angepasst werden. Der Vorschlag des Ministerpr\u00e4sidenten von Baden-W\u00fcrttemberg, G\u00fcnther Oettinger, geht allerdings in die v\u00f6llig falsche Richtung. Oettinger schl\u00e4gt vor, in den F\u00e4chern Chemie und Physik einzusparen. Von einem Rechtsanwalt und Wirtschaftspr\u00fcfer sind jetzt wohl keine gro\u00dfartigen naturwissenschaftlichen Bildungsoffensiven zu erwarten &#8211; aber so viel gesunden Menschenverstand, um einzusehen, das K\u00fcrzungen in den Naturwissenschaften eine ganz schlechte Idee sind, wenn \u00fcberall \u00fcber den Mangel an Ingenieuren und Techniker geklagt wird&#8230; das sollte man von einem hochrangigen Politiker schon erwarten.<\/p>\n<p>Aber das Oettinger nicht zimperlich ist, wenn es darum geht, auf Kosten der Wissenschaft Geld zu machen, hat er ja schon 2006 gezeigt: da wollte er <a href=\"http:\/\/www.dfg.de\/aktuelles_presse\/pressemitteilungen\/2006\/presse_2006_50.html\">gro\u00dfe Teile<\/a> <a href=\"http:\/\/cgi-host.uni-marburg.de\/~mrep\/brief\/\">des Handschriftenbestandes<\/a> <a href=\"http:\/\/www.faz.net\/s\/RubCF3AEB154CE64960822FA5429A182360\/Doc~E8676EDD7590143939F47505E16B850A6~ATpl~Ecommon~Scontent.html\">der Badischen Landesbibliothek in Karlsruhe verkaufen<\/a>. Er scheint die Universit\u00e4ten und deren Mitarbeiter generell nicht ganz so toll zu finden &#8211;<a href=\"http:\/\/limited.blog.de\/2007\/01\/31\/das_blode_ist_es_kommt_kein_krieg_mehr~1655761\" target=\"_blank\"> im Februar 2007<\/a> sagte er \u00fcber die Vorschl\u00e4ge einiger Hochschullehrer, die Einnahmen der Studiengeb\u00fchren f\u00fcr die Bezahlung offener Heizkosten zu verwenden: \u201eDa haben Professoren ein bisschen Schwachsinn geredet, das ist im Berufsbild drin.\u201c<\/p>\n<p>Der Schulausschuss der Kultusministerkonferenz wird bis Anfang M\u00e4rz die M\u00f6glichkeiten zur Vereinfachung der Stundepl\u00e4ne pr\u00fcfen &#8211; es bleibt zu hoffen, das Oettingers Vorschl\u00e4ge hier wenig Geh\u00f6r finden!<\/p>\n","protected":false},"excerpt":{"rendered":"<p>Heute hab ich in der OTZ eine be\u00e4ngstigende Meldung gelesen: &#8222;Gymnasium &#8218;entr\u00fcmpeln&#8216; &#8211; aber wo?&#8220; lautete die Schlagzeile. Es geht dabei um die Verk\u00fcrzung der Schulzeit zum Abitur von 13 auf 12 Jahre &#8211; eine Reform, die in vielen Bundesl\u00e4ndern anscheinend viel zu schnell eingef\u00fchrt wurde und jetzt zu gro\u00dfen Problemen f\u00fchrt. Die Sch\u00fclerinnen und [&hellip;]<\/p>\n","protected":false},"author":2,"featured_media":0,"comment_status":"open","ping_status":"open","sticky":false,"template":"","format":"standard","meta":{"footnotes":""},"categories":[21,30,6,19],"tags":[217,29,218,28,8],"class_list":["post-31","post","type-post","status-publish","format-standard","hentry","category-gesellschaft","category-politik","category-uni","category-wissenschaft","tag-gesellschaft","tag-oettinger","tag-politik","tag-schule","tag-universitaet"],"_links":{"self":[{"href":"http:\/\/www.astrodicticum-simplex.de\/wordpress\/wp-json\/wp\/v2\/posts\/31","targetHints":{"allow":["GET"]}}],"collection":[{"href":"http:\/\/www.astrodicticum-simplex.de\/wordpress\/wp-json\/wp\/v2\/posts"}],"about":[{"href":"http:\/\/www.astrodicticum-simplex.de\/wordpress\/wp-json\/wp\/v2\/types\/post"}],"author":[{"embeddable":true,"href":"http:\/\/www.astrodicticum-simplex.de\/wordpress\/wp-json\/wp\/v2\/users\/2"}],"replies":[{"embeddable":true,"href":"http:\/\/www.astrodicticum-simplex.de\/wordpress\/wp-json\/wp\/v2\/comments?post=31"}],"version-history":[{"count":0,"href":"http:\/\/www.astrodicticum-simplex.de\/wordpress\/wp-json\/wp\/v2\/posts\/31\/revisions"}],"wp:attachment":[{"href":"http:\/\/www.astrodicticum-simplex.de\/wordpress\/wp-json\/wp\/v2\/media?parent=31"}],"wp:term":[{"taxonomy":"category","embeddable":true,"href":"http:\/\/www.astrodicticum-simplex.de\/wordpress\/wp-json\/wp\/v2\/categories?post=31"},{"taxonomy":"post_tag","embeddable":true,"href":"http:\/\/www.astrodicticum-simplex.de\/wordpress\/wp-json\/wp\/v2\/tags?post=31"}],"curies":[{"name":"wp","href":"https:\/\/api.w.org\/{rel}","templated":true}]}}